{"id":118,"date":"2022-10-11T14:00:00","date_gmt":"2022-10-11T12:00:00","guid":{"rendered":"https:\/\/webszh.uk-halle.de\/genid\/?p=118"},"modified":"2022-11-04T13:49:56","modified_gmt":"2022-11-04T12:49:56","slug":"aktuelles-platzhalter-2","status":"publish","type":"post","link":"https:\/\/webszh.uk-halle.de\/monid\/?p=118","title":{"rendered":"Deutschlandfunk Interview mit Jun.-Prof. Dr. Alexander Kuhlmann"},"content":{"rendered":"\t\t<div data-elementor-type=\"wp-post\" data-elementor-id=\"118\" class=\"elementor elementor-118\" data-elementor-post-type=\"post\">\n\t\t\t\t\t\t<section class=\"elementor-section elementor-top-section elementor-element elementor-element-46b64f1a elementor-section-boxed elementor-section-height-default elementor-section-height-default\" data-id=\"46b64f1a\" data-element_type=\"section\">\n\t\t\t\t\t\t<div class=\"elementor-container elementor-column-gap-default\">\n\t\t\t\t\t<div class=\"elementor-column elementor-col-100 elementor-top-column elementor-element elementor-element-367665f\" data-id=\"367665f\" data-element_type=\"column\">\n\t\t\t<div class=\"elementor-widget-wrap elementor-element-populated\">\n\t\t\t\t\t\t<div class=\"elementor-element elementor-element-3b3c8305 elementor-widget elementor-widget-text-editor\" data-id=\"3b3c8305\" data-element_type=\"widget\" data-widget_type=\"text-editor.default\">\n\t\t\t\t<div class=\"elementor-widget-container\">\n\t\t\t<style>\/*! elementor - v3.20.0 - 26-03-2024 *\/\n.elementor-widget-text-editor.elementor-drop-cap-view-stacked .elementor-drop-cap{background-color:#69727d;color:#fff}.elementor-widget-text-editor.elementor-drop-cap-view-framed .elementor-drop-cap{color:#69727d;border:3px solid;background-color:transparent}.elementor-widget-text-editor:not(.elementor-drop-cap-view-default) .elementor-drop-cap{margin-top:8px}.elementor-widget-text-editor:not(.elementor-drop-cap-view-default) .elementor-drop-cap-letter{width:1em;height:1em}.elementor-widget-text-editor .elementor-drop-cap{float:left;text-align:center;line-height:1;font-size:50px}.elementor-widget-text-editor .elementor-drop-cap-letter{display:inline-block}<\/style>\t\t\t\t<p>Als Reaktion auf das vom Modellierunsgnetz ver\u00f6ffentlichte Kurzstatement zum Verlauf der SARS-CoV-2-Pandemie im Herbst und Winter 2022\/2023 wurde Jun.-Prof. Dr. Alexander Kuhlmann, Leiter der Koordinierungsstelle des Netzwerkes, am Montag vom Deutschlandfunk (DLF) interviewt.<\/p><p>Zusammen mit anderen Experten und Expertinnen des Modellierungsnetzes hat der Gesundheits\u00f6konom drei verschiedene Szenarien f\u00fcr m\u00f6gliche SARS-CoV-2-Infektionswellen f\u00fcr diesen Herbst und Winter simuliert. Ber\u00fccksichtigt wurde dabei auch der Effekt einer Impfung mit dem neuen, angepassten Impfstoff. Ob das Infektionsgeschehen am Anfang einer \u00e4hnlichen Welle wie 2021 st\u00fcnde, sei aber nicht abzusehen, so Kuhlmann im Interview. Entscheidend daf\u00fcr ist auch, ob neue Virus-Varianten auftreten und welche Eigenschaften diese h\u00e4tten.<\/p><p>H\u00f6ren Sie sich das Interview in voller L\u00e4nge in der Deutschlandfunk Mediathek an.<\/p>\t\t\t\t\t\t<\/div>\n\t\t\t\t<\/div>\n\t\t\t\t<div class=\"elementor-element elementor-element-5e48957 elementor-icon-list--layout-traditional elementor-list-item-link-full_width elementor-widget elementor-widget-icon-list\" data-id=\"5e48957\" data-element_type=\"widget\" data-widget_type=\"icon-list.default\">\n\t\t\t\t<div class=\"elementor-widget-container\">\n\t\t\t<link rel=\"stylesheet\" href=\"https:\/\/webszh.uk-halle.de\/monid\/wp-content\/plugins\/elementor\/assets\/css\/widget-icon-list.min.css\">\t\t<ul class=\"elementor-icon-list-items\">\n\t\t\t\t\t\t\t<li class=\"elementor-icon-list-item\">\n\t\t\t\t\t\t\t\t\t\t\t<a href=\"https:\/\/www.deutschlandfunk.de\/corona-in-herbst-und-winter-wie-sieht-die-welle-aus-interv-alexander-kuhlmann-dlf-dda28f45-100.html\">\n\n\t\t\t\t\t\t\t\t\t\t\t\t<span class=\"elementor-icon-list-icon\">\n\t\t\t\t\t\t\t<i aria-hidden=\"true\" class=\"fas fa-external-link-alt\"><\/i>\t\t\t\t\t\t<\/span>\n\t\t\t\t\t\t\t\t\t\t<span class=\"elementor-icon-list-text\">Interview in voller L\u00e4nge - Deutschlandfunk Mediathek<\/span>\n\t\t\t\t\t\t\t\t\t\t\t<\/a>\n\t\t\t\t\t\t\t\t\t<\/li>\n\t\t\t\t\t\t<\/ul>\n\t\t\t\t<\/div>\n\t\t\t\t<\/div>\n\t\t\t\t\t<\/div>\n\t\t<\/div>\n\t\t\t\t\t<\/div>\n\t\t<\/section>\n\t\t\t\t<\/div>\n\t\t","protected":false},"excerpt":{"rendered":"<p>Als Reaktion auf das vom Modellierunsgnetz ver\u00f6ffentlichte Kurzstatement zum Verlauf der SARS-CoV-2-Pandemie im Herbst und Winter 2022\/2023 wurde Jun.-Prof. Dr. Alexander Kuhlmann, Leiter der Koordinierungsstelle des Netzwerkes, am Montag vom Deutschlandfunk (DLF) interviewt. Zusammen mit anderen Experten und Expertinnen des Modellierungsnetzes hat der Gesundheits\u00f6konom drei verschiedene Szenarien f\u00fcr m\u00f6gliche SARS-CoV-2-Infektionswellen f\u00fcr diesen Herbst und Winter [&hellip;]<\/p>\n","protected":false},"author":1,"featured_media":471,"comment_status":"closed","ping_status":"closed","sticky":false,"template":"","format":"standard","meta":{"footnotes":""},"categories":[18],"tags":[],"class_list":["post-118","post","type-post","status-publish","format-standard","has-post-thumbnail","hentry","category-aktuelles"],"_links":{"self":[{"href":"https:\/\/webszh.uk-halle.de\/monid\/index.php?rest_route=\/wp\/v2\/posts\/118","targetHints":{"allow":["GET"]}}],"collection":[{"href":"https:\/\/webszh.uk-halle.de\/monid\/index.php?rest_route=\/wp\/v2\/posts"}],"about":[{"href":"https:\/\/webszh.uk-halle.de\/monid\/index.php?rest_route=\/wp\/v2\/types\/post"}],"author":[{"embeddable":true,"href":"https:\/\/webszh.uk-halle.de\/monid\/index.php?rest_route=\/wp\/v2\/users\/1"}],"replies":[{"embeddable":true,"href":"https:\/\/webszh.uk-halle.de\/monid\/index.php?rest_route=%2Fwp%2Fv2%2Fcomments&post=118"}],"version-history":[{"count":17,"href":"https:\/\/webszh.uk-halle.de\/monid\/index.php?rest_route=\/wp\/v2\/posts\/118\/revisions"}],"predecessor-version":[{"id":956,"href":"https:\/\/webszh.uk-halle.de\/monid\/index.php?rest_route=\/wp\/v2\/posts\/118\/revisions\/956"}],"wp:featuredmedia":[{"embeddable":true,"href":"https:\/\/webszh.uk-halle.de\/monid\/index.php?rest_route=\/wp\/v2\/media\/471"}],"wp:attachment":[{"href":"https:\/\/webszh.uk-halle.de\/monid\/index.php?rest_route=%2Fwp%2Fv2%2Fmedia&parent=118"}],"wp:term":[{"taxonomy":"category","embeddable":true,"href":"https:\/\/webszh.uk-halle.de\/monid\/index.php?rest_route=%2Fwp%2Fv2%2Fcategories&post=118"},{"taxonomy":"post_tag","embeddable":true,"href":"https:\/\/webszh.uk-halle.de\/monid\/index.php?rest_route=%2Fwp%2Fv2%2Ftags&post=118"}],"curies":[{"name":"wp","href":"https:\/\/api.w.org\/{rel}","templated":true}]}}