{"id":8372,"date":"2025-01-23T14:45:04","date_gmt":"2025-01-23T13:45:04","guid":{"rendered":"https:\/\/webszh.uk-halle.de\/digihero\/?p=8372"},"modified":"2025-01-24T11:05:43","modified_gmt":"2025-01-24T10:05:43","slug":"wie-covid-19-und-die-massnahmen-zur-eindaemmung-der-pandemie-die-psychische-gesundheit-beeinflussen","status":"publish","type":"post","link":"https:\/\/webszh.uk-halle.de\/digihero\/2025\/01\/23\/wie-covid-19-und-die-massnahmen-zur-eindaemmung-der-pandemie-die-psychische-gesundheit-beeinflussen\/","title":{"rendered":"Wie COVID-19 und die Ma\u00dfnahmen zur Eind\u00e4mmung der Pandemie die psychische Gesundheit beeinflussen"},"content":{"rendered":"\t\t<div data-elementor-type=\"wp-post\" data-elementor-id=\"8372\" class=\"elementor elementor-8372\" data-elementor-post-type=\"post\">\n\t\t\t\t<div class=\"elementor-element elementor-element-da2bf4b e-flex e-con-boxed e-con e-parent\" data-id=\"da2bf4b\" data-element_type=\"container\" data-e-type=\"container\">\n\t\t\t\t\t<div class=\"e-con-inner\">\n\t\t\t\t<div class=\"elementor-element elementor-element-e9d1705 elementor-widget elementor-widget-text-editor\" data-id=\"e9d1705\" data-element_type=\"widget\" data-e-type=\"widget\" data-widget_type=\"text-editor.default\">\n\t\t\t\t\t\t\t\t\t<p class=\"p1\">Die COVID-19-Pandemie hat viele Menschen belastet \u2013 sei es durch die Infektion selbst oder durch die Einschr\u00e4nkungen und Ma\u00dfnahmen, die ergriffen wurden, um das Virus einzud\u00e4mmen. Doch wie genau beeinflussen diese Faktoren die psychische Gesundheit? Unsere <a href=\"https:\/\/doi.org\/10.1016\/j.psychres.2024.116140\">Studie<\/a>, die 2024 in der Fachzeitschrift <i>Psychiatry Research<\/i> ver\u00f6ffentlicht wurde, hat genau das untersucht.<\/p>\t\t\t\t\t\t\t\t<\/div>\n\t\t\t\t<div class=\"elementor-element elementor-element-59d88b9 elementor-widget elementor-widget-heading\" data-id=\"59d88b9\" data-element_type=\"widget\" data-e-type=\"widget\" data-widget_type=\"heading.default\">\n\t\t\t\t\t<h2 class=\"elementor-heading-title elementor-size-default\">Worum ging es in der Studie?<\/h2>\t\t\t\t<\/div>\n\t\t\t\t<div class=\"elementor-element elementor-element-9db17f4 elementor-widget elementor-widget-text-editor\" data-id=\"9db17f4\" data-element_type=\"widget\" data-e-type=\"widget\" data-widget_type=\"text-editor.default\">\n\t\t\t\t\t\t\t\t\t<p class=\"p1\">\u00a0Wir haben von M\u00e4rz bis November 2022 insgesamt 7601 Menschen im Rahmen der DigiHero-Studie befragt, um herauszufinden, wie sich eine Infektion mit dem SARS-CoV-2-Virus und die empfundenen Belastungen der Pandemie auf ihre psychische Gesundheit ausgewirkt haben. Die Fragen drehten sich um folgende drei Bereiche:<\/p><ul class=\"ul1\"><li class=\"li2\">Infektionsstatus: Hatten die Befragten eine SARS-CoV-2-Infektion?<\/li><li class=\"li2\">Symptome: Welche Beschwerden traten kurz nach, 4-12 Wochen und l\u00e4nger als 12 Wochen nach der Infektion auf?<\/li><li class=\"li3\">Pandemiebelastung: Wie stark belastend wurden die Ma\u00dfnahmen und Einschr\u00e4nkungen im Rahmen der Pandemie empfunden?<\/li><\/ul>\t\t\t\t\t\t\t\t<\/div>\n\t\t\t\t<div class=\"elementor-element elementor-element-0cc8438 elementor-widget elementor-widget-heading\" data-id=\"0cc8438\" data-element_type=\"widget\" data-e-type=\"widget\" data-widget_type=\"heading.default\">\n\t\t\t\t\t<h2 class=\"elementor-heading-title elementor-size-default\">Die wichtigsten Ergebnisse:<\/h2>\t\t\t\t<\/div>\n\t\t\t\t<div class=\"elementor-element elementor-element-41850c8 elementor-widget elementor-widget-heading\" data-id=\"41850c8\" data-element_type=\"widget\" data-e-type=\"widget\" data-widget_type=\"heading.default\">\n\t\t\t\t\t<h3 class=\"elementor-heading-title elementor-size-default\">1. Psychische Belastungen durch COVID-19<\/h3>\t\t\t\t<\/div>\n\t\t<div class=\"elementor-element elementor-element-48bed95 e-con-full e-grid e-con e-child\" data-id=\"48bed95\" data-element_type=\"container\" data-e-type=\"container\">\n\t\t\t\t<div class=\"elementor-element elementor-element-2c8c30c elementor-widget elementor-widget-text-editor\" data-id=\"2c8c30c\" data-element_type=\"widget\" data-e-type=\"widget\" data-widget_type=\"text-editor.default\">\n\t\t\t\t\t\t\t\t\t<p class=\"p2\">Menschen, die an COVID-19 erkrankt waren, litten h\u00e4ufiger unter psychischen Beschwerden, besonders dann, wenn sie auch 12 Wochen nach der Infektion noch Symptome hatten. Diese Langzeitbeschwerden, h\u00e4ufig als Post-Covid bezeichnet, standen oft in Zusammenhang mit:<\/p><ul class=\"ul1\"><li class=\"li2\">Ersch\u00f6pfung und Fatigue<\/li><li class=\"li2\">Konzentrationsproblemen<\/li><li class=\"li3\">Ged\u00e4chtnisproblemen<\/li><\/ul><p class=\"p3\">\u00c4ngstlichkeit und Symptome einer Depression standen hierbei weniger im Vordergrund.<\/p><p class=\"p3\">\u00a0<\/p>\t\t\t\t\t\t\t\t<\/div>\n\t\t\t\t<div class=\"elementor-element elementor-element-1468f2c elementor-widget elementor-widget-image\" data-id=\"1468f2c\" data-element_type=\"widget\" data-e-type=\"widget\" data-widget_type=\"image.default\">\n\t\t\t\t\t\t\t\t\t\t\t\t<figure class=\"wp-caption\">\n\t\t\t\t\t\t\t\t\t\t<img fetchpriority=\"high\" decoding=\"async\" width=\"800\" height=\"655\" src=\"https:\/\/webszh.uk-halle.de\/digihero\/wp-content\/uploads\/2025\/01\/Abbildung1-1024x838.png\" class=\"attachment-large size-large wp-image-8380\" alt=\"\" srcset=\"https:\/\/webszh.uk-halle.de\/digihero\/wp-content\/uploads\/2025\/01\/Abbildung1-1024x838.png 1024w, https:\/\/webszh.uk-halle.de\/digihero\/wp-content\/uploads\/2025\/01\/Abbildung1-300x246.png 300w, https:\/\/webszh.uk-halle.de\/digihero\/wp-content\/uploads\/2025\/01\/Abbildung1-768x629.png 768w, https:\/\/webszh.uk-halle.de\/digihero\/wp-content\/uploads\/2025\/01\/Abbildung1-1536x1258.png 1536w, https:\/\/webszh.uk-halle.de\/digihero\/wp-content\/uploads\/2025\/01\/Abbildung1-2048x1677.png 2048w\" sizes=\"(max-width: 800px) 100vw, 800px\" \/>\t\t\t\t\t\t\t\t\t\t\t<figcaption class=\"widget-image-caption wp-caption-text\">Abbildung 1: Symptomlast psychischer Beschwerden im Verh\u00e4ltnis zu anhaltenden Symptomen nach COVID-19-Erkrankung<\/figcaption>\n\t\t\t\t\t\t\t\t\t\t<\/figure>\n\t\t\t\t\t\t\t\t\t<\/div>\n\t\t\t\t<\/div>\n\t\t\t\t<div class=\"elementor-element elementor-element-a8e0430 elementor-widget elementor-widget-heading\" data-id=\"a8e0430\" data-element_type=\"widget\" data-e-type=\"widget\" data-widget_type=\"heading.default\">\n\t\t\t\t\t<h3 class=\"elementor-heading-title elementor-size-default\">2. Geringe Auswirkungen der Pandemieeinschr\u00e4nkungen<\/h3>\t\t\t\t<\/div>\n\t\t\t\t<div class=\"elementor-element elementor-element-b3bfaff elementor-widget elementor-widget-text-editor\" data-id=\"b3bfaff\" data-element_type=\"widget\" data-e-type=\"widget\" data-widget_type=\"text-editor.default\">\n\t\t\t\t\t\t\t\t\t<p class=\"p3\">\u00dcberraschenderweise konnten wir keinen Zusammenhang zwischen der empfundenen Belastung durch die Pandemieeinschr\u00e4nkungen und einer Verschlechterung der psychischen Gesundheit feststellen.<\/p>\t\t\t\t\t\t\t\t<\/div>\n\t\t\t\t<div class=\"elementor-element elementor-element-82129fa elementor-widget elementor-widget-heading\" data-id=\"82129fa\" data-element_type=\"widget\" data-e-type=\"widget\" data-widget_type=\"heading.default\">\n\t\t\t\t\t<h3 class=\"elementor-heading-title elementor-size-default\">3. Post-Covid und psychische Gesundheit<\/h3>\t\t\t\t<\/div>\n\t\t\t\t<div class=\"elementor-element elementor-element-465177a elementor-widget elementor-widget-text-editor\" data-id=\"465177a\" data-element_type=\"widget\" data-e-type=\"widget\" data-widget_type=\"text-editor.default\">\n\t\t\t\t\t\t\t\t\t<p class=\"p3\">Besonders Menschen mit langanhaltenden Symptomen nach einer Infektion waren psychisch stark belastet und k\u00f6nnten von gezielter psychologischer Unterst\u00fctzung profitieren<span class=\"s2\">.<\/span><\/p>\t\t\t\t\t\t\t\t<\/div>\n\t\t\t\t<div class=\"elementor-element elementor-element-b6b5372 elementor-widget elementor-widget-heading\" data-id=\"b6b5372\" data-element_type=\"widget\" data-e-type=\"widget\" data-widget_type=\"heading.default\">\n\t\t\t\t\t<h2 class=\"elementor-heading-title elementor-size-default\">Fazit<\/h2>\t\t\t\t<\/div>\n\t\t\t\t<div class=\"elementor-element elementor-element-1a21adc elementor-widget elementor-widget-text-editor\" data-id=\"1a21adc\" data-element_type=\"widget\" data-e-type=\"widget\" data-widget_type=\"text-editor.default\">\n\t\t\t\t\t\t\t\t\t<p class=\"p3\"><span style=\"color: var( --e-global-color-text ); font-family: var( --e-global-typography-text-font-family ), Sans-serif; font-size: var( --e-global-typography-text-font-size ); font-weight: var( --e-global-typography-text-font-weight ); text-align: var(--text-align);\">Eine SARS-CoV-2-Infektion, besonders, wenn sie langfristige Symptome nach sich zieht, kann die psychische Gesundheit deutlich beeintr\u00e4chtigen. Ma\u00dfnahmen zur Eind\u00e4mmung der Pandemie scheinen hingegen keinen zus\u00e4tzlichen negativen Einfluss auf die mentale Gesundheit nach sich gezogen zu haben. Diese Ergebnisse machen deutlich, wie wichtig es ist, Menschen mit Long-COVID rechtzeitig psychologische Hilfe und passende Behandlungsm\u00f6glichkeiten anzubieten.<\/span><\/p>\t\t\t\t\t\t\t\t<\/div>\n\t\t\t\t\t<\/div>\n\t\t\t\t<\/div>\n\t\t\t\t<\/div>\n\t\t","protected":false},"excerpt":{"rendered":"<p>Die COVID-19-Pandemie hat viele Menschen belastet \u2013 sei es durch die Infektion selbst oder durch die Einschr\u00e4nkungen und Ma\u00dfnahmen, die ergriffen wurden, um das Virus einzud\u00e4mmen. Doch wie genau beeinflussen diese Faktoren die psychische Gesundheit? Unsere Studie, die 2024 in der Fachzeitschrift Psychiatry Research ver\u00f6ffentlicht wurde, hat genau das untersucht.<\/p>\n","protected":false},"author":20,"featured_media":8384,"comment_status":"open","ping_status":"open","sticky":false,"template":"","format":"standard","meta":{"_acf_changed":false,"footnotes":""},"categories":[61,62],"tags":[],"class_list":["post-8372","post","type-post","status-publish","format-standard","has-post-thumbnail","hentry","category-aktuelles","category-ergebnisse"],"acf":[],"_links":{"self":[{"href":"https:\/\/webszh.uk-halle.de\/digihero\/wp-json\/wp\/v2\/posts\/8372","targetHints":{"allow":["GET"]}}],"collection":[{"href":"https:\/\/webszh.uk-halle.de\/digihero\/wp-json\/wp\/v2\/posts"}],"about":[{"href":"https:\/\/webszh.uk-halle.de\/digihero\/wp-json\/wp\/v2\/types\/post"}],"author":[{"embeddable":true,"href":"https:\/\/webszh.uk-halle.de\/digihero\/wp-json\/wp\/v2\/users\/20"}],"replies":[{"embeddable":true,"href":"https:\/\/webszh.uk-halle.de\/digihero\/wp-json\/wp\/v2\/comments?post=8372"}],"version-history":[{"count":13,"href":"https:\/\/webszh.uk-halle.de\/digihero\/wp-json\/wp\/v2\/posts\/8372\/revisions"}],"predecessor-version":[{"id":8387,"href":"https:\/\/webszh.uk-halle.de\/digihero\/wp-json\/wp\/v2\/posts\/8372\/revisions\/8387"}],"wp:featuredmedia":[{"embeddable":true,"href":"https:\/\/webszh.uk-halle.de\/digihero\/wp-json\/wp\/v2\/media\/8384"}],"wp:attachment":[{"href":"https:\/\/webszh.uk-halle.de\/digihero\/wp-json\/wp\/v2\/media?parent=8372"}],"wp:term":[{"taxonomy":"category","embeddable":true,"href":"https:\/\/webszh.uk-halle.de\/digihero\/wp-json\/wp\/v2\/categories?post=8372"},{"taxonomy":"post_tag","embeddable":true,"href":"https:\/\/webszh.uk-halle.de\/digihero\/wp-json\/wp\/v2\/tags?post=8372"}],"curies":[{"name":"wp","href":"https:\/\/api.w.org\/{rel}","templated":true}]}}